{"id":110,"date":"2020-08-17T15:03:09","date_gmt":"2020-08-16T14:32:26","guid":{"rendered":"http:\/\/irenedepuig.cat\/llibres-singulars-2\/"},"modified":"2021-03-17T11:51:20","modified_gmt":"2021-03-17T11:51:20","slug":"drets-humans","status":"publish","type":"post","link":"https:\/\/irenedepuig.cat\/ca\/drets-humans\/","title":{"rendered":"Drets Humans"},"content":{"rendered":"","protected":false},"excerpt":{"rendered":"","protected":false},"author":1,"featured_media":433,"comment_status":"closed","ping_status":"closed","sticky":false,"template":"","format":"standard","meta":[],"categories":[6,1],"tags":[],"class_list":["post-110","post","type-post","status-publish","has-post-thumbnail","hentry","category-drets-humans","category-llibres"],"grid":"{\r\n  \"colCount\": 20,\r\n  \"colGutter\": 1,\r\n  \"rowGutters\": [\r\n    1,\r\n    1,\r\n    1,\r\n    1,\r\n    1,\r\n    1,\r\n    1,\r\n    1,\r\n    1,\r\n    1\r\n  ],\r\n  \"frameMargin\": 1,\r\n  \"topFrameMargin\": 68,\r\n  \"bottomFrameMargin\": 1,\r\n  \"rowAttrs\": [\r\n    {},\r\n    {},\r\n    {},\r\n    {},\r\n    {},\r\n    {},\r\n    {},\r\n    {},\r\n    {},\r\n    {},\r\n    {}\r\n  ],\r\n  \"bgColor\": null,\r\n  \"cont\": [\r\n    {\r\n      \"type\": \"text\",\r\n      \"cont\": \"<p><span style=\\\"color: #000000;\\\"><a style=\\\"color: #000000;\\\" href=\\\"http:\/\/irenedepuig.cat\/\\\">\u2190<\/a><\/span><\/p>\",\r\n      \"align\": \"top\",\r\n      \"row\": 0,\r\n      \"col\": 0,\r\n      \"colspan\": 2,\r\n      \"offsetx\": 0,\r\n      \"offsety\": 0,\r\n      \"spaceabove\": 0,\r\n      \"spacebelow\": 0,\r\n      \"yvel\": 1,\r\n      \"push\": 0,\r\n      \"relid\": 10\r\n    },\r\n    {\r\n      \"type\": \"text\",\r\n      \"cont\": \"<p style=\\\"text-align: center;\\\">DRETS HUMANS<\/p>\",\r\n      \"align\": \"middle\",\r\n      \"row\": 0,\r\n      \"col\": 2,\r\n      \"colspan\": 16,\r\n      \"offsetx\": 0,\r\n      \"offsety\": 0,\r\n      \"spaceabove\": 0,\r\n      \"spacebelow\": 0,\r\n      \"yvel\": 1,\r\n      \"push\": 0,\r\n      \"relid\": 8,\r\n      \"frameOverflow\": \"\"\r\n    },\r\n    {\r\n      \"type\": \"hr\",\r\n      \"cont\": \"\",\r\n      \"align\": \"middle\",\r\n      \"row\": 1,\r\n      \"col\": 0,\r\n      \"colspan\": 20,\r\n      \"offsetx\": 0,\r\n      \"offsety\": 0,\r\n      \"spaceabove\": 0,\r\n      \"spacebelow\": 0,\r\n      \"yvel\": 1,\r\n      \"push\": 0,\r\n      \"relid\": 9,\r\n      \"frameOverflow\": \"both\"\r\n    },\r\n    {\r\n      \"type\": \"img\",\r\n      \"cont\": \"\/wp-content\/uploads\/2020\/08\/Parlem-de-drets.jpg\",\r\n      \"align\": \"middle\",\r\n      \"row\": 2,\r\n      \"col\": 0,\r\n      \"colspan\": 10,\r\n      \"offsetx\": 0,\r\n      \"offsety\": 0,\r\n      \"spaceabove\": 0,\r\n      \"spacebelow\": 0,\r\n      \"yvel\": 1,\r\n      \"push\": 0,\r\n      \"relid\": 402,\r\n      \"attid\": 456,\r\n      \"sizes\": {\r\n        \"full\": \"\/wp-content\/uploads\/2020\/08\/Parlem-de-drets.jpg\",\r\n        \"_512\": \"\/wp-content\/uploads\/2020\/08\/Parlem-de-drets-512x384.jpg\",\r\n        \"_265\": \"\/wp-content\/uploads\/2020\/08\/Parlem-de-drets-265x199.jpg\"\r\n      },\r\n      \"w\": 720,\r\n      \"h\": 540,\r\n      \"ar\": 0.75,\r\n      \"alt\": \"\",\r\n      \"frameOverflow\": \"\"\r\n    },\r\n    {\r\n      \"type\": \"text\",\r\n      \"cont\": \"<h1 class=\\\"_h3\\\"><a href=\\\"https:\/\/blocs.xtec.cat\/parlemdedrets\/\\\" target=\\\"_blank\\\" rel=\\\"noopener\\\"><i><u>Parlem de Drets,<\/u><\/i> 2020<\/a><\/h1><p>Bloc encarregat pel Departament d\u2019Educaci\u00f3 sobre drets per a l\u2019 Educaci\u00f3 infantil, l\u2019Educaci\u00f3 prim\u00e0ria i l\u2019Educaci\u00f3 secund\u00e0ria.<\/p>\",\r\n      \"align\": \"middle\",\r\n      \"row\": 2,\r\n      \"col\": 11,\r\n      \"colspan\": 8,\r\n      \"offsetx\": 0,\r\n      \"offsety\": 0,\r\n      \"spaceabove\": 0,\r\n      \"spacebelow\": 0,\r\n      \"yvel\": 1,\r\n      \"push\": 1,\r\n      \"relid\": 404,\r\n      \"frameOverflow\": \"\"\r\n    },\r\n    {\r\n      \"type\": \"hr\",\r\n      \"cont\": \"\",\r\n      \"align\": \"middle\",\r\n      \"row\": 3,\r\n      \"col\": 0,\r\n      \"colspan\": 20,\r\n      \"offsetx\": 0,\r\n      \"offsety\": 0,\r\n      \"spaceabove\": 0,\r\n      \"spacebelow\": 0,\r\n      \"yvel\": 1,\r\n      \"push\": 0,\r\n      \"relid\": 403,\r\n      \"frameOverflow\": \"right\"\r\n    },\r\n    {\r\n      \"type\": \"img\",\r\n      \"cont\": \"\/wp-content\/uploads\/2020\/08\/Pensar-en-els-drets-humans.jpg\",\r\n      \"align\": \"middle\",\r\n      \"row\": 4,\r\n      \"col\": 0,\r\n      \"colspan\": 10,\r\n      \"offsetx\": 0,\r\n      \"offsety\": 0,\r\n      \"spaceabove\": 0,\r\n      \"spacebelow\": 0,\r\n      \"yvel\": 1,\r\n      \"push\": 0,\r\n      \"relid\": 620,\r\n      \"attid\": 206,\r\n      \"sizes\": {\r\n        \"full\": \"\/wp-content\/uploads\/2020\/08\/Pensar-en-els-drets-humans.jpg\",\r\n        \"_512\": \"\/wp-content\/uploads\/2020\/08\/Pensar-en-els-drets-humans-512x384.jpg\",\r\n        \"_265\": \"\/wp-content\/uploads\/2020\/08\/Pensar-en-els-drets-humans-265x199.jpg\"\r\n      },\r\n      \"w\": 720,\r\n      \"h\": 540,\r\n      \"ar\": 0.75,\r\n      \"alt\": \"\",\r\n      \"frameOverflow\": \"\"\r\n    },\r\n    {\r\n      \"type\": \"text\",\r\n      \"cont\": \"<h1 class=\\\"_h3\\\"><span style=\\\"text-decoration: underline;\\\"><a href=\\\"http:\/\/www.gencat.cat\/drep\/ipau\/sumaris\/pensar_drets_humans.pdf\\\" target=\\\"_blank\\\" rel=\\\"noopener\\\"><em>2010 Pensar els drets humans<\/em><\/a>,<\/span> Generalitat de Catalunya.<\/h1><p>Conjunt d'eines adre\u00e7ades al professorat per reflexionar sobre els drets humans a les aules. Cont\u00e9 blocs dedicats als drets personals; jur\u00eddics; pol\u00edtics i econ\u00f2mics; socials, religiosos i culturals. El llibre inclou un marc conceptual i propostes pr\u00e0ctiques per ajudar l\u2019alumnat de secund\u00e0ria a con\u00e8ixer els drets humans i respectar-los. Proposa una metodologia que incorpora elements cr\u00edtics, on s\u2019analitzen articles de premsa, r\u00e0dio i televisi\u00f3 i on els alumnes poden fer \u00fas de la seva capacitat creativa.<\/p>\",\r\n      \"align\": \"middle\",\r\n      \"row\": 4,\r\n      \"col\": 11,\r\n      \"colspan\": 8,\r\n      \"offsetx\": 0,\r\n      \"offsety\": 0,\r\n      \"spaceabove\": 0,\r\n      \"spacebelow\": 0,\r\n      \"yvel\": 1,\r\n      \"push\": 1,\r\n      \"relid\": 4,\r\n      \"frameOverflow\": \"\"\r\n    },\r\n    {\r\n      \"type\": \"hr\",\r\n      \"cont\": \"\",\r\n      \"align\": \"middle\",\r\n      \"row\": 5,\r\n      \"col\": 0,\r\n      \"colspan\": 20,\r\n      \"offsetx\": 0,\r\n      \"offsety\": 0,\r\n      \"spaceabove\": 0,\r\n      \"spacebelow\": 0,\r\n      \"yvel\": 1,\r\n      \"push\": 0,\r\n      \"relid\": 63,\r\n      \"frameOverflow\": \"both\"\r\n    },\r\n    {\r\n      \"type\": \"img\",\r\n      \"cont\": \"\/wp-content\/uploads\/2020\/08\/Som-joves-tenim-drets...i-deures.jpg\",\r\n      \"align\": \"middle\",\r\n      \"row\": 6,\r\n      \"col\": 0,\r\n      \"colspan\": 10,\r\n      \"offsetx\": 0,\r\n      \"offsety\": 0,\r\n      \"spaceabove\": 0,\r\n      \"spacebelow\": 0,\r\n      \"yvel\": 1,\r\n      \"push\": 0,\r\n      \"relid\": 1253,\r\n      \"attid\": 207,\r\n      \"sizes\": {\r\n        \"full\": \"\/wp-content\/uploads\/2020\/08\/Som-joves-tenim-drets...i-deures.jpg\",\r\n        \"_512\": \"\/wp-content\/uploads\/2020\/08\/Som-joves-tenim-drets...i-deures-512x384.jpg\",\r\n        \"_265\": \"\/wp-content\/uploads\/2020\/08\/Som-joves-tenim-drets...i-deures-265x199.jpg\"\r\n      },\r\n      \"w\": 720,\r\n      \"h\": 540,\r\n      \"ar\": 0.75,\r\n      \"alt\": \"\",\r\n      \"frameOverflow\": \"\"\r\n    },\r\n    {\r\n      \"type\": \"text\",\r\n      \"cont\": \"<h1 class=\\\"_h3\\\"><em><a href=\\\"http:\/\/www.grupiref.org\/pensar-els-drets-humans\/apunts_de_pau_i_drets_humans-som_joves_tenim_drets_i_deures.pdf\\\" target=\\\"_blank\\\" rel=\\\"noopener\\\"><span style=\\\"text-decoration: underline;\\\">2010 Som joves, tenim drets...i deures<\/span>,<\/a><\/em> Generalitat de Catalunya<\/h1><p>Orientat a difondre materials did\u00e0ctics i pedag\u00f2gics centrats en la cultura de la pau i la defensa i promoci\u00f3 dels drets humans, que presenta recursos adre\u00e7ats al professorat per tal que puguin introduir el coneixement dels drets dels joves a l'aula. Les tem\u00e0tiques tractades s\u00f3n, entre altres: identitat, migracions, no- discriminaci\u00f3, educaci\u00f3, alimentaci\u00f3 i salut, infants del carrer, treball infantil, infants soldat.<\/p>\",\r\n      \"align\": \"middle\",\r\n      \"row\": 6,\r\n      \"col\": 11,\r\n      \"colspan\": 8,\r\n      \"offsetx\": 0,\r\n      \"offsety\": 0,\r\n      \"spaceabove\": 0,\r\n      \"spacebelow\": 0,\r\n      \"yvel\": 1,\r\n      \"push\": 1,\r\n      \"relid\": 7,\r\n      \"frameOverflow\": \"\"\r\n    },\r\n    {\r\n      \"type\": \"hr\",\r\n      \"cont\": \"\",\r\n      \"align\": \"middle\",\r\n      \"row\": 7,\r\n      \"col\": 0,\r\n      \"colspan\": 20,\r\n      \"offsetx\": 0,\r\n      \"offsety\": 0,\r\n      \"spaceabove\": 0,\r\n      \"spacebelow\": 0,\r\n      \"yvel\": 1,\r\n      \"push\": 0,\r\n      \"relid\": 5,\r\n      \"frameOverflow\": \"both\"\r\n    },\r\n    {\r\n      \"type\": \"img\",\r\n      \"cont\": \"\/wp-content\/uploads\/2020\/08\/Los-derechos-de-los-ninos-y-las-ninas.jpg\",\r\n      \"align\": \"middle\",\r\n      \"row\": 8,\r\n      \"col\": 0,\r\n      \"colspan\": 10,\r\n      \"offsetx\": 0,\r\n      \"offsety\": 0,\r\n      \"spaceabove\": 0,\r\n      \"spacebelow\": 0,\r\n      \"yvel\": 1,\r\n      \"push\": 0,\r\n      \"relid\": 338,\r\n      \"attid\": 150,\r\n      \"sizes\": {\r\n        \"full\": \"\/wp-content\/uploads\/2020\/08\/Los-derechos-de-los-ninos-y-las-ninas.jpg\",\r\n        \"_512\": \"\/wp-content\/uploads\/2020\/08\/Los-derechos-de-los-ninos-y-las-ninas-512x384.jpg\",\r\n        \"_265\": \"\/wp-content\/uploads\/2020\/08\/Los-derechos-de-los-ninos-y-las-ninas-265x199.jpg\"\r\n      },\r\n      \"w\": 720,\r\n      \"h\": 540,\r\n      \"ar\": 0.75,\r\n      \"alt\": \"\",\r\n      \"frameOverflow\": \"\"\r\n    },\r\n    {\r\n      \"type\": \"text\",\r\n      \"cont\": \"<h1 class=\\\"_h3\\\"><span style=\\\"color: #2f588c;\\\"><a class=\\\"cursor-customizer103 cursor-customizer104 cursor-customizer105 cursor-customizer106\\\" style=\\\"color: #2f588c;\\\" href=\\\"https:\/\/www.grupiref.org\/pensar-amb-el-cinema\/cinema-per-secundaria\/cinema-per-secundaria\/primer-cicle-drets-infants\/\\\" target=\\\"_blank\\\" rel=\\\"noopener\\\"><span style=\\\"text-decoration: underline;\\\"><em>Los derechos de las ni\u00f1as y los ni\u00f1os<\/em><\/span><\/a>, Editorial Octaedro, 2008<\/span><\/h1><p><span style=\\\"color: #2f588c;\\\">Dirigido a los profesionales de la educaci\u00f3n (docentes, monitores, madres y padres, educadores del tiempo libre, etc.) para ni\u00f1os y ni\u00f1as del \u00faltimo ciclo de educaci\u00f3n primaria, coincidiendo con la pre adolescencia y la curiosidad hacia s\u00ed mismos y hacia el mundo que les rodea en un momento en que est\u00e1n explorando su entorno y forjando su propia identidad. A trav\u00e9s de los diez art\u00edculos de la Declaraci\u00f3n de los Derechos de los ni\u00f1os y ni\u00f1as<\/span><\/p>\",\r\n      \"align\": \"middle\",\r\n      \"row\": 8,\r\n      \"col\": 11,\r\n      \"colspan\": 8,\r\n      \"offsetx\": 0,\r\n      \"offsety\": 0,\r\n      \"spaceabove\": 0,\r\n      \"spacebelow\": 0,\r\n      \"yvel\": 1,\r\n      \"push\": 1,\r\n      \"relid\": 6,\r\n      \"frameOverflow\": \"\"\r\n    },\r\n    {\r\n      \"type\": \"hr\",\r\n      \"cont\": \"\",\r\n      \"align\": \"middle\",\r\n      \"row\": 9,\r\n      \"col\": 0,\r\n      \"colspan\": 20,\r\n      \"offsetx\": 0,\r\n      \"offsety\": 0,\r\n      \"spaceabove\": 0,\r\n      \"spacebelow\": 0,\r\n      \"yvel\": 1,\r\n      \"push\": 0,\r\n      \"relid\": 11,\r\n      \"frameOverflow\": \"right\"\r\n    },\r\n    {\r\n      \"type\": \"img\",\r\n      \"cont\": \"\/wp-content\/uploads\/2020\/08\/cd-cinema-i-drets-dels-infants.jpg\",\r\n      \"align\": \"middle\",\r\n      \"row\": 10,\r\n      \"col\": 0,\r\n      \"colspan\": 10,\r\n      \"offsetx\": 0,\r\n      \"offsety\": 0,\r\n      \"spaceabove\": 0,\r\n      \"spacebelow\": 0,\r\n      \"yvel\": 1,\r\n      \"push\": 0,\r\n      \"relid\": 410,\r\n      \"attid\": 457,\r\n      \"sizes\": {\r\n        \"full\": \"\/wp-content\/uploads\/2020\/08\/cd-cinema-i-drets-dels-infants.jpg\",\r\n        \"_512\": \"\/wp-content\/uploads\/2020\/08\/cd-cinema-i-drets-dels-infants-512x384.jpg\",\r\n        \"_265\": \"\/wp-content\/uploads\/2020\/08\/cd-cinema-i-drets-dels-infants-265x199.jpg\"\r\n      },\r\n      \"w\": 720,\r\n      \"h\": 540,\r\n      \"ar\": 0.75,\r\n      \"alt\": \"\",\r\n      \"frameOverflow\": \"\"\r\n    },\r\n    {\r\n      \"type\": \"text\",\r\n      \"cont\": \"<h1 class=\\\"_h3\\\"><a href=\\\"https:\/\/www.grupiref.org\/pensar-amb-el-cinema\/cinema-per-secundaria\/cinema-per-secundaria\/primer-cicle-drets-infants\/\\\" target=\\\"_blank\\\" rel=\\\"noopener\\\"><span style=\\\"text-decoration: underline;\\\"><em>Cinema i drets d\u2019infants<\/em><\/span><\/a> 2006\u00a0<\/h1><p>Una pel\u00b7l\u00edcula per cadascun dels 10 Principis que proclama la Declaraci\u00f3 dels Drets dels infants. Avui els dossiers encara tenen validesa tot i que es poden actualitzar les pel\u00b7l\u00edcules.<\/p>\",\r\n      \"align\": \"middle\",\r\n      \"row\": 10,\r\n      \"col\": 11,\r\n      \"colspan\": 8,\r\n      \"offsetx\": 0,\r\n      \"offsety\": 0,\r\n      \"spaceabove\": 0,\r\n      \"spacebelow\": 0,\r\n      \"yvel\": 1,\r\n      \"push\": 1,\r\n      \"relid\": 411,\r\n      \"frameOverflow\": \"\"\r\n    }\r\n  ]\r\n}","phonegrid":"{\r\n  \"colCount\": 1,\r\n  \"colGutter\": 1,\r\n  \"rowGutters\": [\r\n    5,\r\n    5,\r\n    5,\r\n    5,\r\n    5,\r\n    5,\r\n    5,\r\n    5,\r\n    5,\r\n    5,\r\n    5,\r\n    5,\r\n    5,\r\n    5,\r\n    5\r\n  ],\r\n  \"frameMargin\": 5,\r\n  \"topFrameMargin\": 5,\r\n  \"bottomFrameMargin\": 5,\r\n  \"rowAttrs\": [\r\n    {},\r\n    {},\r\n    {},\r\n    {},\r\n    {},\r\n    {},\r\n    {},\r\n    {},\r\n    {},\r\n    {},\r\n    {},\r\n    {},\r\n    {},\r\n    {},\r\n    {},\r\n    {}\r\n  ],\r\n  \"bgColor\": null,\r\n  \"cont\": [\r\n    {\r\n      \"type\": \"text\",\r\n      \"cont\": \"<p style=\\\"text-align: center;\\\">DRETS HUMANS<\/p>\",\r\n      \"align\": \"bottom\",\r\n      \"row\": 0,\r\n      \"col\": 0,\r\n      \"colspan\": 1,\r\n      \"offsetx\": 0,\r\n      \"offsety\": 0,\r\n      \"spaceabove\": 0,\r\n      \"spacebelow\": 0,\r\n      \"yvel\": 1,\r\n      \"push\": 0,\r\n      \"relid\": 8,\r\n      \"frameOverflow\": \"\"\r\n    },\r\n    {\r\n      \"type\": \"hr\",\r\n      \"cont\": \"\",\r\n      \"align\": \"bottom\",\r\n      \"row\": 1,\r\n      \"col\": 0,\r\n      \"colspan\": 1,\r\n      \"offsetx\": 0,\r\n      \"offsety\": 0,\r\n      \"spaceabove\": 0,\r\n      \"spacebelow\": 0,\r\n      \"yvel\": 1,\r\n      \"push\": 0,\r\n      \"relid\": 9,\r\n      \"frameOverflow\": \"both\"\r\n    },\r\n    {\r\n      \"type\": \"img\",\r\n      \"cont\": \"\/wp-content\/uploads\/2020\/08\/Parlem-de-drets.jpg\",\r\n      \"align\": \"bottom\",\r\n      \"row\": 2,\r\n      \"col\": 0,\r\n      \"colspan\": 1,\r\n      \"offsetx\": 0,\r\n      \"offsety\": 0,\r\n      \"spaceabove\": 0,\r\n      \"spacebelow\": 0,\r\n      \"yvel\": 1,\r\n      \"push\": 0,\r\n      \"relid\": 402,\r\n      \"attid\": 456,\r\n      \"sizes\": {\r\n        \"full\": \"\/wp-content\/uploads\/2020\/08\/Parlem-de-drets.jpg\",\r\n        \"_512\": \"\/wp-content\/uploads\/2020\/08\/Parlem-de-drets-512x384.jpg\",\r\n        \"_265\": \"\/wp-content\/uploads\/2020\/08\/Parlem-de-drets-265x199.jpg\"\r\n      },\r\n      \"w\": 720,\r\n      \"h\": 540,\r\n      \"ar\": 0.75,\r\n      \"alt\": \"\",\r\n      \"frameOverflow\": \"\"\r\n    },\r\n    {\r\n      \"type\": \"text\",\r\n      \"cont\": \"<h1 class=\\\"_h3\\\"><a href=\\\"https:\/\/blocs.xtec.cat\/parlemdedrets\/\\\" target=\\\"_blank\\\" rel=\\\"noopener\\\"><i><u>Parlem de Drets,<\/u><\/i> 2020<\/a><\/h1><p>Bloc encarregat pel Departament d\u2019Educaci\u00f3 sobre drets per a l\u2019 Educaci\u00f3 infantil, l\u2019Educaci\u00f3 prim\u00e0ria i l\u2019Educaci\u00f3 secund\u00e0ria.<\/p>\",\r\n      \"align\": \"bottom\",\r\n      \"row\": 3,\r\n      \"col\": 0,\r\n      \"colspan\": 1,\r\n      \"offsetx\": 0,\r\n      \"offsety\": 0,\r\n      \"spaceabove\": 0,\r\n      \"spacebelow\": 0,\r\n      \"yvel\": 1,\r\n      \"push\": 0,\r\n      \"relid\": 404,\r\n      \"frameOverflow\": \"\"\r\n    },\r\n    {\r\n      \"type\": \"hr\",\r\n      \"cont\": \"\",\r\n      \"align\": \"bottom\",\r\n      \"row\": 4,\r\n      \"col\": 0,\r\n      \"colspan\": 1,\r\n      \"offsetx\": 0,\r\n      \"offsety\": 0,\r\n      \"spaceabove\": 0,\r\n      \"spacebelow\": 0,\r\n      \"yvel\": 1,\r\n      \"push\": 0,\r\n      \"relid\": 403,\r\n      \"frameOverflow\": \"right\"\r\n    },\r\n    {\r\n      \"type\": \"img\",\r\n      \"cont\": \"\/wp-content\/uploads\/2020\/08\/Pensar-en-els-drets-humans.jpg\",\r\n      \"align\": \"bottom\",\r\n      \"row\": 5,\r\n      \"col\": 0,\r\n      \"colspan\": 1,\r\n      \"offsetx\": 0,\r\n      \"offsety\": 0,\r\n      \"spaceabove\": 0,\r\n      \"spacebelow\": 0,\r\n      \"yvel\": 1,\r\n      \"push\": 0,\r\n      \"relid\": 620,\r\n      \"attid\": 206,\r\n      \"sizes\": {\r\n        \"full\": \"\/wp-content\/uploads\/2020\/08\/Pensar-en-els-drets-humans.jpg\",\r\n        \"_512\": \"\/wp-content\/uploads\/2020\/08\/Pensar-en-els-drets-humans-512x384.jpg\",\r\n        \"_265\": \"\/wp-content\/uploads\/2020\/08\/Pensar-en-els-drets-humans-265x199.jpg\"\r\n      },\r\n      \"w\": 720,\r\n      \"h\": 540,\r\n      \"ar\": 0.75,\r\n      \"alt\": \"\",\r\n      \"frameOverflow\": \"\"\r\n    },\r\n    {\r\n      \"type\": \"text\",\r\n      \"cont\": \"<h1 class=\\\"_h3\\\"><span style=\\\"text-decoration: underline;\\\"><a href=\\\"http:\/\/www.gencat.cat\/drep\/ipau\/sumaris\/pensar_drets_humans.pdf\\\" target=\\\"_blank\\\" rel=\\\"noopener\\\"><em>2010 Pensar els drets humans<\/em><\/a>,<\/span> Generalitat de Catalunya.<\/h1><p>Conjunt d'eines adre\u00e7ades al professorat per reflexionar sobre els drets humans a les aules. Cont\u00e9 blocs dedicats als drets personals; jur\u00eddics; pol\u00edtics i econ\u00f2mics; socials, religiosos i culturals. El llibre inclou un marc conceptual i propostes pr\u00e0ctiques per ajudar l\u2019alumnat de secund\u00e0ria a con\u00e8ixer els drets humans i respectar-los. Proposa una metodologia que incorpora elements cr\u00edtics, on s\u2019analitzen articles de premsa, r\u00e0dio i televisi\u00f3 i on els alumnes poden fer \u00fas de la seva capacitat creativa.<\/p>\",\r\n      \"align\": \"bottom\",\r\n      \"row\": 6,\r\n      \"col\": 0,\r\n      \"colspan\": 1,\r\n      \"offsetx\": 0,\r\n      \"offsety\": 0,\r\n      \"spaceabove\": 0,\r\n      \"spacebelow\": 0,\r\n      \"yvel\": 1,\r\n      \"push\": 0,\r\n      \"relid\": 4,\r\n      \"frameOverflow\": \"\"\r\n    },\r\n    {\r\n      \"type\": \"hr\",\r\n      \"cont\": \"\",\r\n      \"align\": \"bottom\",\r\n      \"row\": 7,\r\n      \"col\": 0,\r\n      \"colspan\": 1,\r\n      \"offsetx\": 0,\r\n      \"offsety\": 0,\r\n      \"spaceabove\": 0,\r\n      \"spacebelow\": 0,\r\n      \"yvel\": 1,\r\n      \"push\": 0,\r\n      \"relid\": 63,\r\n      \"frameOverflow\": \"both\"\r\n    },\r\n    {\r\n      \"type\": \"img\",\r\n      \"cont\": \"\/wp-content\/uploads\/2020\/08\/Som-joves-tenim-drets...i-deures.jpg\",\r\n      \"align\": \"bottom\",\r\n      \"row\": 8,\r\n      \"col\": 0,\r\n      \"colspan\": 1,\r\n      \"offsetx\": 0,\r\n      \"offsety\": 0,\r\n      \"spaceabove\": 0,\r\n      \"spacebelow\": 0,\r\n      \"yvel\": 1,\r\n      \"push\": 0,\r\n      \"relid\": 1253,\r\n      \"attid\": 207,\r\n      \"sizes\": {\r\n        \"full\": \"\/wp-content\/uploads\/2020\/08\/Som-joves-tenim-drets...i-deures.jpg\",\r\n        \"_512\": \"\/wp-content\/uploads\/2020\/08\/Som-joves-tenim-drets...i-deures-512x384.jpg\",\r\n        \"_265\": \"\/wp-content\/uploads\/2020\/08\/Som-joves-tenim-drets...i-deures-265x199.jpg\"\r\n      },\r\n      \"w\": 720,\r\n      \"h\": 540,\r\n      \"ar\": 0.75,\r\n      \"alt\": \"\",\r\n      \"frameOverflow\": \"\"\r\n    },\r\n    {\r\n      \"type\": \"text\",\r\n      \"cont\": \"<h1 class=\\\"_h3\\\"><em><a href=\\\"http:\/\/www.grupiref.org\/pensar-els-drets-humans\/apunts_de_pau_i_drets_humans-som_joves_tenim_drets_i_deures.pdf\\\" target=\\\"_blank\\\" rel=\\\"noopener\\\"><span style=\\\"text-decoration: underline;\\\">2010 Som joves, tenim drets...i deures<\/span>,<\/a><\/em> Generalitat de Catalunya<\/h1><p>Orientat a difondre materials did\u00e0ctics i pedag\u00f2gics centrats en la cultura de la pau i la defensa i promoci\u00f3 dels drets humans, que presenta recursos adre\u00e7ats al professorat per tal que puguin introduir el coneixement dels drets dels joves a l'aula. Les tem\u00e0tiques tractades s\u00f3n, entre altres: identitat, migracions, no- discriminaci\u00f3, educaci\u00f3, alimentaci\u00f3 i salut, infants del carrer, treball infantil, infants soldat.<\/p>\",\r\n      \"align\": \"bottom\",\r\n      \"row\": 9,\r\n      \"col\": 0,\r\n      \"colspan\": 1,\r\n      \"offsetx\": 0,\r\n      \"offsety\": 0,\r\n      \"spaceabove\": 0,\r\n      \"spacebelow\": 0,\r\n      \"yvel\": 1,\r\n      \"push\": 0,\r\n      \"relid\": 7,\r\n      \"frameOverflow\": \"\"\r\n    },\r\n    {\r\n      \"type\": \"hr\",\r\n      \"cont\": \"\",\r\n      \"align\": \"bottom\",\r\n      \"row\": 10,\r\n      \"col\": 0,\r\n      \"colspan\": 1,\r\n      \"offsetx\": 0,\r\n      \"offsety\": 0,\r\n      \"spaceabove\": 0,\r\n      \"spacebelow\": 0,\r\n      \"yvel\": 1,\r\n      \"push\": 0,\r\n      \"relid\": 5,\r\n      \"frameOverflow\": \"both\"\r\n    },\r\n    {\r\n      \"type\": \"img\",\r\n      \"cont\": \"\/wp-content\/uploads\/2020\/08\/Los-derechos-de-los-ninos-y-las-ninas.jpg\",\r\n      \"align\": \"bottom\",\r\n      \"row\": 11,\r\n      \"col\": 0,\r\n      \"colspan\": 1,\r\n      \"offsetx\": 0,\r\n      \"offsety\": 0,\r\n      \"spaceabove\": 0,\r\n      \"spacebelow\": 0,\r\n      \"yvel\": 1,\r\n      \"push\": 0,\r\n      \"relid\": 338,\r\n      \"attid\": 150,\r\n      \"sizes\": {\r\n        \"full\": \"\/wp-content\/uploads\/2020\/08\/Los-derechos-de-los-ninos-y-las-ninas.jpg\",\r\n        \"_512\": \"\/wp-content\/uploads\/2020\/08\/Los-derechos-de-los-ninos-y-las-ninas-512x384.jpg\",\r\n        \"_265\": \"\/wp-content\/uploads\/2020\/08\/Los-derechos-de-los-ninos-y-las-ninas-265x199.jpg\"\r\n      },\r\n      \"w\": 720,\r\n      \"h\": 540,\r\n      \"ar\": 0.75,\r\n      \"alt\": \"\",\r\n      \"frameOverflow\": \"\"\r\n    },\r\n    {\r\n      \"type\": \"text\",\r\n      \"cont\": \"<h1 class=\\\"_h3\\\"><span style=\\\"color: #2f588c;\\\"><a class=\\\"cursor-customizer103 cursor-customizer104 cursor-customizer105 cursor-customizer106\\\" style=\\\"color: #2f588c;\\\" href=\\\"https:\/\/www.grupiref.org\/pensar-amb-el-cinema\/cinema-per-secundaria\/cinema-per-secundaria\/primer-cicle-drets-infants\/\\\" target=\\\"_blank\\\" rel=\\\"noopener\\\"><span style=\\\"text-decoration: underline;\\\"><em>Los derechos de las ni\u00f1as y los ni\u00f1os<\/em><\/span><\/a>, Editorial Octaedro, 2008<\/span><\/h1><p><span style=\\\"color: #2f588c;\\\">Dirigido a los profesionales de la educaci\u00f3n (docentes, monitores, madres y padres, educadores del tiempo libre, etc.) para ni\u00f1os y ni\u00f1as del \u00faltimo ciclo de educaci\u00f3n primaria, coincidiendo con la pre adolescencia y la curiosidad hacia s\u00ed mismos y hacia el mundo que les rodea en un momento en que est\u00e1n explorando su entorno y forjando su propia identidad. A trav\u00e9s de los diez art\u00edculos de la Declaraci\u00f3n de los Derechos de los ni\u00f1os y ni\u00f1as<\/span><\/p>\",\r\n      \"align\": \"bottom\",\r\n      \"row\": 12,\r\n      \"col\": 0,\r\n      \"colspan\": 1,\r\n      \"offsetx\": 0,\r\n      \"offsety\": 0,\r\n      \"spaceabove\": 0,\r\n      \"spacebelow\": 0,\r\n      \"yvel\": 1,\r\n      \"push\": 0,\r\n      \"relid\": 6,\r\n      \"frameOverflow\": \"\"\r\n    },\r\n    {\r\n      \"type\": \"hr\",\r\n      \"cont\": \"\",\r\n      \"align\": \"bottom\",\r\n      \"row\": 13,\r\n      \"col\": 0,\r\n      \"colspan\": 1,\r\n      \"offsetx\": 0,\r\n      \"offsety\": 0,\r\n      \"spaceabove\": 0,\r\n      \"spacebelow\": 0,\r\n      \"yvel\": 1,\r\n      \"push\": 0,\r\n      \"relid\": 11,\r\n      \"frameOverflow\": \"right\"\r\n    },\r\n    {\r\n      \"type\": \"img\",\r\n      \"cont\": \"\/wp-content\/uploads\/2020\/08\/cd-cinema-i-drets-dels-infants.jpg\",\r\n      \"align\": \"bottom\",\r\n      \"row\": 14,\r\n      \"col\": 0,\r\n      \"colspan\": 1,\r\n      \"offsetx\": 0,\r\n      \"offsety\": 0,\r\n      \"spaceabove\": 0,\r\n      \"spacebelow\": 0,\r\n      \"yvel\": 1,\r\n      \"push\": 0,\r\n      \"relid\": 410,\r\n      \"attid\": 457,\r\n      \"sizes\": {\r\n        \"full\": \"\/wp-content\/uploads\/2020\/08\/cd-cinema-i-drets-dels-infants.jpg\",\r\n        \"_512\": \"\/wp-content\/uploads\/2020\/08\/cd-cinema-i-drets-dels-infants-512x384.jpg\",\r\n        \"_265\": \"\/wp-content\/uploads\/2020\/08\/cd-cinema-i-drets-dels-infants-265x199.jpg\"\r\n      },\r\n      \"w\": 720,\r\n      \"h\": 540,\r\n      \"ar\": 0.75,\r\n      \"alt\": \"\",\r\n      \"frameOverflow\": \"\"\r\n    },\r\n    {\r\n      \"type\": \"text\",\r\n      \"cont\": \"<h1 class=\\\"_h3\\\"><a href=\\\"https:\/\/www.grupiref.org\/pensar-amb-el-cinema\/cinema-per-secundaria\/cinema-per-secundaria\/primer-cicle-drets-infants\/\\\" target=\\\"_blank\\\" rel=\\\"noopener\\\"><span style=\\\"text-decoration: underline;\\\"><em>Cinema i drets d\u2019infants<\/em><\/span><\/a> 2006\u00a0<\/h1><p>Una pel\u00b7l\u00edcula per cadascun dels 10 Principis que proclama la Declaraci\u00f3 dels Drets dels infants. Avui els dossiers encara tenen validesa tot i que es poden actualitzar les pel\u00b7l\u00edcules.<\/p>\",\r\n      \"align\": \"bottom\",\r\n      \"row\": 15,\r\n      \"col\": 0,\r\n      \"colspan\": 1,\r\n      \"offsetx\": 0,\r\n      \"offsety\": 0,\r\n      \"spaceabove\": 0,\r\n      \"spacebelow\": 0,\r\n      \"yvel\": 1,\r\n      \"push\": 0,\r\n      \"relid\": 411,\r\n      \"frameOverflow\": \"\"\r\n    }\r\n  ]\r\n}","_links":{"self":[{"href":"https:\/\/irenedepuig.cat\/ca\/wp-json\/wp\/v2\/posts\/110","targetHints":{"allow":["GET"]}}],"collection":[{"href":"https:\/\/irenedepuig.cat\/ca\/wp-json\/wp\/v2\/posts"}],"about":[{"href":"https:\/\/irenedepuig.cat\/ca\/wp-json\/wp\/v2\/types\/post"}],"author":[{"embeddable":true,"href":"https:\/\/irenedepuig.cat\/ca\/wp-json\/wp\/v2\/users\/1"}],"replies":[{"embeddable":true,"href":"https:\/\/irenedepuig.cat\/ca\/wp-json\/wp\/v2\/comments?post=110"}],"version-history":[{"count":0,"href":"https:\/\/irenedepuig.cat\/ca\/wp-json\/wp\/v2\/posts\/110\/revisions"}],"wp:featuredmedia":[{"embeddable":true,"href":"https:\/\/irenedepuig.cat\/ca\/wp-json\/wp\/v2\/media\/433"}],"wp:attachment":[{"href":"https:\/\/irenedepuig.cat\/ca\/wp-json\/wp\/v2\/media?parent=110"}],"wp:term":[{"taxonomy":"category","embeddable":true,"href":"https:\/\/irenedepuig.cat\/ca\/wp-json\/wp\/v2\/categories?post=110"},{"taxonomy":"post_tag","embeddable":true,"href":"https:\/\/irenedepuig.cat\/ca\/wp-json\/wp\/v2\/tags?post=110"}],"curies":[{"name":"wp","href":"https:\/\/api.w.org\/{rel}","templated":true}]}}