{"id":109,"date":"2020-08-17T14:07:43","date_gmt":"2020-08-16T14:32:26","guid":{"rendered":"http:\/\/irenedepuig.cat\/llibres-de-metodologia-2\/"},"modified":"2021-02-12T10:24:13","modified_gmt":"2021-02-12T10:24:13","slug":"llibres-singulars","status":"publish","type":"post","link":"https:\/\/irenedepuig.cat\/ca\/llibres-singulars\/","title":{"rendered":"Llibres Singulars"},"content":{"rendered":"","protected":false},"excerpt":{"rendered":"","protected":false},"author":1,"featured_media":94,"comment_status":"closed","ping_status":"closed","sticky":false,"template":"","format":"standard","meta":[],"categories":[1,12],"tags":[],"class_list":["post-109","post","type-post","status-publish","has-post-thumbnail","hentry","category-llibres","category-llibres-singulars"],"grid":"{\r\n  \"colCount\": 20,\r\n  \"colGutter\": 1,\r\n  \"rowGutters\": [\r\n    1,\r\n    1,\r\n    1,\r\n    1,\r\n    1,\r\n    1,\r\n    1,\r\n    1\r\n  ],\r\n  \"frameMargin\": 1,\r\n  \"topFrameMargin\": 68,\r\n  \"bottomFrameMargin\": 1,\r\n  \"rowAttrs\": [\r\n    {},\r\n    {},\r\n    {},\r\n    {},\r\n    {},\r\n    {},\r\n    {},\r\n    {},\r\n    {}\r\n  ],\r\n  \"bgColor\": null,\r\n  \"cont\": [\r\n    {\r\n      \"type\": \"text\",\r\n      \"cont\": \"<p><span style=\\\"color: #000000;\\\"><a style=\\\"color: #000000;\\\" href=\\\"http:\/\/irenedepuig.cat\/\\\">\u2190<\/a><\/span><\/p>\",\r\n      \"align\": \"middle\",\r\n      \"row\": 0,\r\n      \"col\": 0,\r\n      \"colspan\": 2,\r\n      \"offsetx\": 0,\r\n      \"offsety\": 0,\r\n      \"spaceabove\": 0,\r\n      \"spacebelow\": 0,\r\n      \"yvel\": 1,\r\n      \"push\": 0,\r\n      \"relid\": 10,\r\n      \"dosync\": false\r\n    },\r\n    {\r\n      \"type\": \"text\",\r\n      \"cont\": \"<p style=\\\"text-align: center;\\\">LLIBRES SINGULARS<\/p>\",\r\n      \"align\": \"middle\",\r\n      \"row\": 0,\r\n      \"col\": 2,\r\n      \"colspan\": 16,\r\n      \"offsetx\": 0,\r\n      \"offsety\": 0,\r\n      \"spaceabove\": 0,\r\n      \"spacebelow\": 0,\r\n      \"yvel\": 1,\r\n      \"push\": 0,\r\n      \"relid\": 8,\r\n      \"frameOverflow\": \"\"\r\n    },\r\n    {\r\n      \"type\": \"hr\",\r\n      \"cont\": \"\",\r\n      \"align\": \"middle\",\r\n      \"row\": 1,\r\n      \"col\": 0,\r\n      \"colspan\": 20,\r\n      \"offsetx\": 0,\r\n      \"offsety\": 0,\r\n      \"spaceabove\": 0,\r\n      \"spacebelow\": 0,\r\n      \"yvel\": 1,\r\n      \"push\": 0,\r\n      \"relid\": 9,\r\n      \"frameOverflow\": \"both\"\r\n    },\r\n    {\r\n      \"type\": \"img\",\r\n      \"cont\": \"\/wp-content\/uploads\/2020\/08\/Kalos.jpg\",\r\n      \"align\": \"middle\",\r\n      \"row\": 2,\r\n      \"col\": 0,\r\n      \"colspan\": 10,\r\n      \"offsetx\": 0,\r\n      \"offsety\": 0,\r\n      \"spaceabove\": 0,\r\n      \"spacebelow\": 0,\r\n      \"yvel\": 1,\r\n      \"push\": 0,\r\n      \"relid\": 660,\r\n      \"attid\": 209,\r\n      \"sizes\": {\r\n        \"full\": \"\/wp-content\/uploads\/2020\/08\/Kalos.jpg\",\r\n        \"_512\": \"\/wp-content\/uploads\/2020\/08\/Kalos-512x384.jpg\",\r\n        \"_265\": \"\/wp-content\/uploads\/2020\/08\/Kalos-265x199.jpg\"\r\n      },\r\n      \"w\": 720,\r\n      \"h\": 540,\r\n      \"ar\": 0.75,\r\n      \"alt\": \"\",\r\n      \"frameOverflow\": \"\"\r\n    },\r\n    {\r\n      \"type\": \"text\",\r\n      \"cont\": \"<h1 class=\\\"_h3\\\"><em>Kalos<\/em>, Antologia de textos d\u2019est\u00e8tica, Eumo Editorial, Vic, 2000<\/h1><p class=\\\"_Default\\\">Antologia de textos per qui vulgui introduir-se en el m\u00f3n de la reflexi\u00f3 sobre l'art. Presenta alguns grans temes i les preguntes fonamentals que s'han fet els pensadors i les pensadores i els\/les artistes al llarg de la hist\u00f2ria i vol desvetllar en el lector una actitud activa que el porti a fer- se els propis itineraris d'acc\u00e9s a la reflexi\u00f3.<\/p>\",\r\n      \"align\": \"middle\",\r\n      \"row\": 2,\r\n      \"col\": 11,\r\n      \"colspan\": 8,\r\n      \"offsetx\": 0,\r\n      \"offsety\": 0,\r\n      \"spaceabove\": 0,\r\n      \"spacebelow\": 0,\r\n      \"yvel\": 1,\r\n      \"push\": 1,\r\n      \"relid\": 4,\r\n      \"frameOverflow\": \"\"\r\n    },\r\n    {\r\n      \"type\": \"hr\",\r\n      \"cont\": \"\",\r\n      \"align\": \"middle\",\r\n      \"row\": 3,\r\n      \"col\": 0,\r\n      \"colspan\": 20,\r\n      \"offsetx\": 0,\r\n      \"offsety\": 0,\r\n      \"spaceabove\": 0,\r\n      \"spacebelow\": 0,\r\n      \"yvel\": 1,\r\n      \"push\": 0,\r\n      \"relid\": 63,\r\n      \"frameOverflow\": \"both\"\r\n    },\r\n    {\r\n      \"type\": \"img\",\r\n      \"cont\": \"\/wp-content\/uploads\/2020\/08\/Llibres-per-llegir.jpg\",\r\n      \"align\": \"middle\",\r\n      \"row\": 4,\r\n      \"col\": 0,\r\n      \"colspan\": 10,\r\n      \"offsetx\": 0,\r\n      \"offsety\": 0,\r\n      \"spaceabove\": 0,\r\n      \"spacebelow\": 0,\r\n      \"yvel\": 1,\r\n      \"push\": 0,\r\n      \"relid\": 661,\r\n      \"attid\": 210,\r\n      \"sizes\": {\r\n        \"full\": \"\/wp-content\/uploads\/2020\/08\/Llibres-per-llegir.jpg\",\r\n        \"_512\": \"\/wp-content\/uploads\/2020\/08\/Llibres-per-llegir-512x384.jpg\",\r\n        \"_265\": \"\/wp-content\/uploads\/2020\/08\/Llibres-per-llegir-265x199.jpg\"\r\n      },\r\n      \"w\": 720,\r\n      \"h\": 540,\r\n      \"ar\": 0.75,\r\n      \"alt\": \"\",\r\n      \"frameOverflow\": \"\"\r\n    },\r\n    {\r\n      \"type\": \"text\",\r\n      \"cont\": \"<h1 class=\\\"_h3\\\"><a href=\\\"https:\/\/www.todostuslibros.com\/libros\/llibres-per-llegir-llibres-per-tenir_978-84-489-0005-2\\\" target=\\\"_blank\\\" rel=\\\"noopener\\\"><em>LLibres per llegir<\/em><\/a>, llibres per tenir, Editorial Barcanova, 1994<\/h1><p>Tria de 1000 obres liter\u00e0ries seleccionades per convidar a la lectura tot orientat sobre \u00e8poques i g\u00e8neres i tamb\u00e9 per ajudar a formar una biblioteca liter\u00e0ria d\u2019obres b\u00e0siques.<\/p>\",\r\n      \"align\": \"middle\",\r\n      \"row\": 4,\r\n      \"col\": 11,\r\n      \"colspan\": 8,\r\n      \"offsetx\": 0,\r\n      \"offsety\": 0,\r\n      \"spaceabove\": 0,\r\n      \"spacebelow\": 0,\r\n      \"yvel\": 1,\r\n      \"push\": 1,\r\n      \"relid\": 5,\r\n      \"frameOverflow\": \"\"\r\n    },\r\n    {\r\n      \"type\": \"hr\",\r\n      \"cont\": \"\",\r\n      \"align\": \"top\",\r\n      \"row\": 5,\r\n      \"col\": 0,\r\n      \"colspan\": 20,\r\n      \"offsetx\": 0,\r\n      \"offsety\": 0,\r\n      \"spaceabove\": 0,\r\n      \"spacebelow\": 0,\r\n      \"yvel\": 1,\r\n      \"push\": 0,\r\n      \"relid\": 11,\r\n      \"frameOverflow\": \"both\"\r\n    },\r\n    {\r\n      \"type\": \"img\",\r\n      \"cont\": \"\/wp-content\/uploads\/2020\/08\/Ergo-i-sic.jpg\",\r\n      \"align\": \"middle\",\r\n      \"row\": 6,\r\n      \"col\": 0,\r\n      \"colspan\": 10,\r\n      \"offsetx\": 0,\r\n      \"offsety\": 0,\r\n      \"spaceabove\": 0,\r\n      \"spacebelow\": 0,\r\n      \"yvel\": 1,\r\n      \"push\": 0,\r\n      \"relid\": 402,\r\n      \"attid\": 547,\r\n      \"sizes\": {\r\n        \"full\": \"\/wp-content\/uploads\/2020\/08\/Ergo-i-sic.jpg\",\r\n        \"_512\": \"\/wp-content\/uploads\/2020\/08\/Ergo-i-sic-512x384.jpg\",\r\n        \"_265\": \"\/wp-content\/uploads\/2020\/08\/Ergo-i-sic-265x199.jpg\"\r\n      },\r\n      \"w\": 720,\r\n      \"h\": 540,\r\n      \"ar\": 0.75,\r\n      \"alt\": \"\",\r\n      \"frameOverflow\": \"\"\r\n    },\r\n    {\r\n      \"type\": \"text\",\r\n      \"cont\": \"<h1 class=\\\"_h3\\\"><em>ERGO, textos de filosofia<\/em>. Amb Josep M. Terricabras, Vicens Vives,1986<\/h1><h1 class=\\\"_h3\\\"><span style=\\\"color: #2f588c;\\\"><em>SIC<\/em>, <em>textos de filosof\u00eda<\/em>. Con Josep M. Terricabras, Vicens Vives, 1987<\/span><\/h1>\",\r\n      \"align\": \"middle\",\r\n      \"row\": 6,\r\n      \"col\": 11,\r\n      \"colspan\": 8,\r\n      \"offsetx\": 0,\r\n      \"offsety\": 0,\r\n      \"spaceabove\": 0,\r\n      \"spacebelow\": 0,\r\n      \"yvel\": 1,\r\n      \"push\": 1,\r\n      \"relid\": 13,\r\n      \"frameOverflow\": \"\"\r\n    },\r\n    {\r\n      \"type\": \"hr\",\r\n      \"cont\": \"\",\r\n      \"align\": \"middle\",\r\n      \"row\": 7,\r\n      \"col\": 0,\r\n      \"colspan\": 20,\r\n      \"offsetx\": 0,\r\n      \"offsety\": 0,\r\n      \"spaceabove\": 0,\r\n      \"spacebelow\": 0,\r\n      \"yvel\": 1,\r\n      \"push\": 0,\r\n      \"relid\": 7,\r\n      \"frameOverflow\": \"right\"\r\n    },\r\n    {\r\n      \"type\": \"img\",\r\n      \"cont\": \"\/wp-content\/uploads\/2020\/08\/Les-llengues-minoritaries-deuropa.jpg\",\r\n      \"align\": \"middle\",\r\n      \"row\": 8,\r\n      \"col\": 0,\r\n      \"colspan\": 10,\r\n      \"offsetx\": 0,\r\n      \"offsety\": 0,\r\n      \"spaceabove\": 0,\r\n      \"spacebelow\": 0,\r\n      \"yvel\": 1,\r\n      \"push\": 0,\r\n      \"relid\": 664,\r\n      \"attid\": 213,\r\n      \"sizes\": {\r\n        \"full\": \"\/wp-content\/uploads\/2020\/08\/Les-llengues-minoritaries-deuropa.jpg\",\r\n        \"_512\": \"\/wp-content\/uploads\/2020\/08\/Les-llengues-minoritaries-deuropa-512x384.jpg\",\r\n        \"_265\": \"\/wp-content\/uploads\/2020\/08\/Les-llengues-minoritaries-deuropa-265x199.jpg\"\r\n      },\r\n      \"w\": 720,\r\n      \"h\": 540,\r\n      \"ar\": 0.75,\r\n      \"alt\": \"\",\r\n      \"frameOverflow\": \"\"\r\n    },\r\n    {\r\n      \"type\": \"text\",\r\n      \"cont\": \"<h1 class=\\\"_h3\\\">1986 En equip: <em>Les lleng\u00fces minorit\u00e0ries a Europa<\/em>: <em>Estat de la q\u00fcesti\u00f3<\/em>. Dirigit per Llu\u00eds M. de Puig. Institut d'Estudis auton\u00f2mics de la Generalitat de Catalunya. Quadermns de treball, n\u00fam 9. Desembre.<\/h1>\",\r\n      \"align\": \"middle\",\r\n      \"row\": 8,\r\n      \"col\": 11,\r\n      \"colspan\": 8,\r\n      \"offsetx\": 0,\r\n      \"offsety\": 0,\r\n      \"spaceabove\": 0,\r\n      \"spacebelow\": 0,\r\n      \"yvel\": 1,\r\n      \"push\": 1,\r\n      \"relid\": 14,\r\n      \"frameOverflow\": \"\"\r\n    }\r\n  ]\r\n}","phonegrid":"{\r\n  \"colCount\": 1,\r\n  \"colGutter\": 1,\r\n  \"rowGutters\": [\r\n    5,\r\n    5,\r\n    5,\r\n    5,\r\n    5,\r\n    5,\r\n    5,\r\n    5,\r\n    5,\r\n    5,\r\n    5,\r\n    5,\r\n    5,\r\n    5,\r\n    5\r\n  ],\r\n  \"frameMargin\": 5,\r\n  \"topFrameMargin\": 5,\r\n  \"bottomFrameMargin\": 5,\r\n  \"rowAttrs\": [\r\n    {},\r\n    {},\r\n    {},\r\n    {},\r\n    {},\r\n    {},\r\n    {},\r\n    {},\r\n    {},\r\n    {},\r\n    {},\r\n    {},\r\n    {},\r\n    {},\r\n    {},\r\n    {}\r\n  ],\r\n  \"bgColor\": null,\r\n  \"cont\": [\r\n    {\r\n      \"type\": \"text\",\r\n      \"cont\": \"<p style=\\\"text-align: center;\\\">LLIBRES SINGULARS<\/p>\",\r\n      \"align\": \"bottom\",\r\n      \"row\": 0,\r\n      \"col\": 0,\r\n      \"colspan\": 1,\r\n      \"offsetx\": 0,\r\n      \"offsety\": 0,\r\n      \"spaceabove\": 0,\r\n      \"spacebelow\": 0,\r\n      \"yvel\": 1,\r\n      \"push\": 0,\r\n      \"relid\": 8,\r\n      \"frameOverflow\": \"\"\r\n    },\r\n    {\r\n      \"type\": \"hr\",\r\n      \"cont\": \"\",\r\n      \"align\": \"bottom\",\r\n      \"row\": 1,\r\n      \"col\": 0,\r\n      \"colspan\": 1,\r\n      \"offsetx\": 0,\r\n      \"offsety\": 0,\r\n      \"spaceabove\": 0,\r\n      \"spacebelow\": 0,\r\n      \"yvel\": 1,\r\n      \"push\": 0,\r\n      \"relid\": 9,\r\n      \"frameOverflow\": \"both\"\r\n    },\r\n    {\r\n      \"type\": \"img\",\r\n      \"cont\": \"\/wp-content\/uploads\/2020\/08\/Kalos.jpg\",\r\n      \"align\": \"bottom\",\r\n      \"row\": 2,\r\n      \"col\": 0,\r\n      \"colspan\": 1,\r\n      \"offsetx\": 0,\r\n      \"offsety\": 0,\r\n      \"spaceabove\": 0,\r\n      \"spacebelow\": 0,\r\n      \"yvel\": 1,\r\n      \"push\": 0,\r\n      \"relid\": 660,\r\n      \"attid\": 209,\r\n      \"sizes\": {\r\n        \"full\": \"\/wp-content\/uploads\/2020\/08\/Kalos.jpg\",\r\n        \"_512\": \"\/wp-content\/uploads\/2020\/08\/Kalos-512x384.jpg\",\r\n        \"_265\": \"\/wp-content\/uploads\/2020\/08\/Kalos-265x199.jpg\"\r\n      },\r\n      \"w\": 720,\r\n      \"h\": 540,\r\n      \"ar\": 0.75,\r\n      \"alt\": \"\",\r\n      \"frameOverflow\": \"\"\r\n    },\r\n    {\r\n      \"type\": \"text\",\r\n      \"cont\": \"<h1 class=\\\"_h3\\\"><em>Kalos<\/em>, Antologia de textos d\u2019est\u00e8tica, Eumo Editorial, Vic, 2000<\/h1><p class=\\\"_Default\\\">Antologia de textos per qui vulgui introduir-se en el m\u00f3n de la reflexi\u00f3 sobre l'art. Presenta alguns grans temes i les preguntes fonamentals que s'han fet els pensadors i les pensadores i els\/les artistes al llarg de la hist\u00f2ria i vol desvetllar en el lector una actitud activa que el porti a fer- se els propis itineraris d'acc\u00e9s a la reflexi\u00f3.<\/p>\",\r\n      \"align\": \"bottom\",\r\n      \"row\": 3,\r\n      \"col\": 0,\r\n      \"colspan\": 1,\r\n      \"offsetx\": 0,\r\n      \"offsety\": 0,\r\n      \"spaceabove\": 0,\r\n      \"spacebelow\": 0,\r\n      \"yvel\": 1,\r\n      \"push\": 0,\r\n      \"relid\": 4,\r\n      \"frameOverflow\": \"\"\r\n    },\r\n    {\r\n      \"type\": \"hr\",\r\n      \"cont\": \"\",\r\n      \"align\": \"bottom\",\r\n      \"row\": 4,\r\n      \"col\": 0,\r\n      \"colspan\": 1,\r\n      \"offsetx\": 0,\r\n      \"offsety\": 0,\r\n      \"spaceabove\": 0,\r\n      \"spacebelow\": 0,\r\n      \"yvel\": 1,\r\n      \"push\": 0,\r\n      \"relid\": 63,\r\n      \"frameOverflow\": \"both\"\r\n    },\r\n    {\r\n      \"type\": \"img\",\r\n      \"cont\": \"\/wp-content\/uploads\/2020\/08\/Llibres-per-llegir.jpg\",\r\n      \"align\": \"bottom\",\r\n      \"row\": 5,\r\n      \"col\": 0,\r\n      \"colspan\": 1,\r\n      \"offsetx\": 0,\r\n      \"offsety\": 0,\r\n      \"spaceabove\": 0,\r\n      \"spacebelow\": 0,\r\n      \"yvel\": 1,\r\n      \"push\": 0,\r\n      \"relid\": 661,\r\n      \"attid\": 210,\r\n      \"sizes\": {\r\n        \"full\": \"\/wp-content\/uploads\/2020\/08\/Llibres-per-llegir.jpg\",\r\n        \"_512\": \"\/wp-content\/uploads\/2020\/08\/Llibres-per-llegir-512x384.jpg\",\r\n        \"_265\": \"\/wp-content\/uploads\/2020\/08\/Llibres-per-llegir-265x199.jpg\"\r\n      },\r\n      \"w\": 720,\r\n      \"h\": 540,\r\n      \"ar\": 0.75,\r\n      \"alt\": \"\",\r\n      \"frameOverflow\": \"\"\r\n    },\r\n    {\r\n      \"type\": \"text\",\r\n      \"cont\": \"<h1 class=\\\"_h3\\\"><a href=\\\"https:\/\/www.todostuslibros.com\/libros\/llibres-per-llegir-llibres-per-tenir_978-84-489-0005-2\\\" target=\\\"_blank\\\" rel=\\\"noopener\\\"><em>LLibres per llegir<\/em><\/a>, llibres per tenir, Editorial Barcanova, 1994<\/h1><p>Tria de 1000 obres liter\u00e0ries seleccionades per convidar a la lectura tot orientat sobre \u00e8poques i g\u00e8neres i tamb\u00e9 per ajudar a formar una biblioteca liter\u00e0ria d\u2019obres b\u00e0siques.<\/p>\",\r\n      \"align\": \"bottom\",\r\n      \"row\": 6,\r\n      \"col\": 0,\r\n      \"colspan\": 1,\r\n      \"offsetx\": 0,\r\n      \"offsety\": 0,\r\n      \"spaceabove\": 0,\r\n      \"spacebelow\": 0,\r\n      \"yvel\": 1,\r\n      \"push\": 0,\r\n      \"relid\": 5,\r\n      \"frameOverflow\": \"\"\r\n    },\r\n    {\r\n      \"type\": \"hr\",\r\n      \"cont\": \"\",\r\n      \"align\": \"bottom\",\r\n      \"row\": 7,\r\n      \"col\": 0,\r\n      \"colspan\": 1,\r\n      \"offsetx\": 0,\r\n      \"offsety\": 0,\r\n      \"spaceabove\": 0,\r\n      \"spacebelow\": 0,\r\n      \"yvel\": 1,\r\n      \"push\": 0,\r\n      \"relid\": 11,\r\n      \"frameOverflow\": \"both\"\r\n    },\r\n    {\r\n      \"type\": \"text\",\r\n      \"cont\": \"<h1 class=\\\"_h3\\\"><em>ERGO, textos de filosofia<\/em>. Amb Josep M. Terricabras, Vicens Vives,1986<\/h1><h1 class=\\\"_h3\\\"><span style=\\\"color: #2f588c;\\\"><em>SIC<\/em>, <em>textos de filosof\u00eda<\/em>. Con Josep M. Terricabras, Vicens Vives, 1987<\/span><\/h1>\",\r\n      \"align\": \"bottom\",\r\n      \"row\": 9,\r\n      \"col\": 0,\r\n      \"colspan\": 1,\r\n      \"offsetx\": 0,\r\n      \"offsety\": 0,\r\n      \"spaceabove\": 0,\r\n      \"spacebelow\": 0,\r\n      \"yvel\": 1,\r\n      \"push\": 0,\r\n      \"relid\": 13,\r\n      \"frameOverflow\": \"\"\r\n    },\r\n    {\r\n      \"type\": \"hr\",\r\n      \"cont\": \"\",\r\n      \"align\": \"bottom\",\r\n      \"row\": 10,\r\n      \"col\": 0,\r\n      \"colspan\": 1,\r\n      \"offsetx\": 0,\r\n      \"offsety\": 0,\r\n      \"spaceabove\": 0,\r\n      \"spacebelow\": 0,\r\n      \"yvel\": 1,\r\n      \"push\": 0,\r\n      \"relid\": 7,\r\n      \"frameOverflow\": \"right\"\r\n    },\r\n    {\r\n      \"type\": \"img\",\r\n      \"cont\": \"\/wp-content\/uploads\/2020\/08\/Les-llengues-minoritaries-deuropa.jpg\",\r\n      \"align\": \"bottom\",\r\n      \"row\": 14,\r\n      \"col\": 0,\r\n      \"colspan\": 1,\r\n      \"offsetx\": 0,\r\n      \"offsety\": 0,\r\n      \"spaceabove\": 0,\r\n      \"spacebelow\": 0,\r\n      \"yvel\": 1,\r\n      \"push\": 0,\r\n      \"relid\": 664,\r\n      \"attid\": 213,\r\n      \"sizes\": {\r\n        \"full\": \"\/wp-content\/uploads\/2020\/08\/Les-llengues-minoritaries-deuropa.jpg\",\r\n        \"_512\": \"\/wp-content\/uploads\/2020\/08\/Les-llengues-minoritaries-deuropa-512x384.jpg\",\r\n        \"_265\": \"\/wp-content\/uploads\/2020\/08\/Les-llengues-minoritaries-deuropa-265x199.jpg\"\r\n      },\r\n      \"w\": 720,\r\n      \"h\": 540,\r\n      \"ar\": 0.75,\r\n      \"alt\": \"\",\r\n      \"frameOverflow\": \"\"\r\n    },\r\n    {\r\n      \"type\": \"text\",\r\n      \"cont\": \"<h1 class=\\\"_h3\\\">1986 En equip: <em>Les lleng\u00fces minorit\u00e0ries a Europa<\/em>: <em>Estat de la q\u00fcesti\u00f3<\/em>. Dirigit per Llu\u00eds M. de Puig. Institut d'Estudis auton\u00f2mics de la Generalitat de Catalunya. Quadermns de treball, n\u00fam 9. Desembre.<\/h1>\",\r\n      \"align\": \"bottom\",\r\n      \"row\": 15,\r\n      \"col\": 0,\r\n      \"colspan\": 1,\r\n      \"offsetx\": 0,\r\n      \"offsety\": 0,\r\n      \"spaceabove\": 0,\r\n      \"spacebelow\": 0,\r\n      \"yvel\": 1,\r\n      \"push\": 0,\r\n      \"relid\": 14,\r\n      \"frameOverflow\": \"\"\r\n    }\r\n  ]\r\n}","_links":{"self":[{"href":"https:\/\/irenedepuig.cat\/ca\/wp-json\/wp\/v2\/posts\/109","targetHints":{"allow":["GET"]}}],"collection":[{"href":"https:\/\/irenedepuig.cat\/ca\/wp-json\/wp\/v2\/posts"}],"about":[{"href":"https:\/\/irenedepuig.cat\/ca\/wp-json\/wp\/v2\/types\/post"}],"author":[{"embeddable":true,"href":"https:\/\/irenedepuig.cat\/ca\/wp-json\/wp\/v2\/users\/1"}],"replies":[{"embeddable":true,"href":"https:\/\/irenedepuig.cat\/ca\/wp-json\/wp\/v2\/comments?post=109"}],"version-history":[{"count":0,"href":"https:\/\/irenedepuig.cat\/ca\/wp-json\/wp\/v2\/posts\/109\/revisions"}],"wp:featuredmedia":[{"embeddable":true,"href":"https:\/\/irenedepuig.cat\/ca\/wp-json\/wp\/v2\/media\/94"}],"wp:attachment":[{"href":"https:\/\/irenedepuig.cat\/ca\/wp-json\/wp\/v2\/media?parent=109"}],"wp:term":[{"taxonomy":"category","embeddable":true,"href":"https:\/\/irenedepuig.cat\/ca\/wp-json\/wp\/v2\/categories?post=109"},{"taxonomy":"post_tag","embeddable":true,"href":"https:\/\/irenedepuig.cat\/ca\/wp-json\/wp\/v2\/tags?post=109"}],"curies":[{"name":"wp","href":"https:\/\/api.w.org\/{rel}","templated":true}]}}